{"id":8747,"date":"2026-08-03T04:48:53","date_gmt":"2026-08-03T02:48:53","guid":{"rendered":"https:\/\/kushweedcoffeeshop.com\/asociaciones-cannabicas-ciutat-vella-barcelona\/"},"modified":"2026-08-21T05:36:34","modified_gmt":"2026-08-21T03:36:34","slug":"asociaciones-cannabicas-ciutat-vella-barcelona","status":"publish","type":"post","link":"https:\/\/kushweedcoffeeshop.com\/es\/asociaciones-cannabicas-ciutat-vella-barcelona\/","title":{"rendered":"Por qu\u00e9 las asociaciones cann\u00e1bicas se concentran en Ciutat Vella"},"content":{"rendered":"<p><strong>\u00bfPor qu\u00e9 tantas asociaciones cann\u00e1bicas privadas de Barcelona acaban en Ciutat Vella?<\/strong> Nada en el modelo lo exige. Una asociaci\u00f3n es una forma jur\u00eddica, no una ubicaci\u00f3n, y puede registrarse en cualquier punto de Espa\u00f1a. Lo que las atrae al casco antiguo es una combinaci\u00f3n de factores urbanos corrientes \u2014locales en planta baja, densidad, transporte, un tejido residencial que es c\u00e9ntrico sin ser monumental\u2014 m\u00e1s una larga tradici\u00f3n local de vida asociativa que no tiene nada que ver con el cannabis.<\/p>\n<p>Una advertencia antes de seguir: lo que viene es una lectura de la ciudad, no un dato oficial. No publicamos recuentos, mapas ni registros porque no hemos verificado ninguno, y tampoco conviene fiarse de los que circulan.<\/p>\n<h2>Primero, qu\u00e9 es realmente una asociaci\u00f3n<\/h2>\n<h3>Una forma jur\u00eddica, no un tipo de local<\/h3>\n<p>En Espa\u00f1a, la asociaci\u00f3n sin \u00e1nimo de lucro es una figura jur\u00eddica reconocida: un grupo de personas que constituye una entidad con estatutos, un \u00f3rgano de gobierno y un registro de personas socias, y que la inscribe como tal. Las asociaciones cann\u00e1bicas usan esa forma. No lleva aparejado ning\u00fan requisito geogr\u00e1fico.<\/p>\n<h3>Socias, no clientes<\/h3>\n<p>La consecuencia es la que m\u00e1s cuesta asimilar a quien visita. Una asociaci\u00f3n tiene personas socias, no clientela; un registro, no un mostrador abierto a la calle. El acceso est\u00e1 restringido a personas adultas registradas, previa solicitud e identificaci\u00f3n. Nada de eso es una decisi\u00f3n de ubicaci\u00f3n.<\/p>\n<h3>\u00bfY entonces por qu\u00e9 aparece la geograf\u00eda?<\/h3>\n<p>Porque un local es un local. Sea cual sea la forma jur\u00eddica, una entidad necesita un espacio f\u00edsico, y d\u00f3nde est\u00e1n los espacios utilizables de una ciudad es una pregunta muy pr\u00e1ctica con respuestas muy pr\u00e1cticas.<\/p>\n<h2>Qu\u00e9 tiene Ciutat Vella que no tienen otros distritos<\/h2>\n<h3>Locales en planta baja, por todas partes<\/h3>\n<p>El casco antiguo est\u00e1 hecho de edificios estrechos con bajos comerciales, casi todos peque\u00f1os. Ese parque inmobiliario encaja mucho mejor con una entidad que necesita un espacio modesto, discreto y aut\u00f3nomo que con los locales de gran formato de los distritos m\u00e1s nuevos.<\/p>\n<h3>Aqu\u00ed converge todo<\/h3>\n<p>Ciutat Vella es donde acaban confluyendo las l\u00edneas de metro, los trenes de cercan\u00edas y las conexiones con el aeropuerto, y es la parte de la ciudad a la que se llega sin planificar. Para una entidad cuyas personas socias vienen de toda la ciudad y de fuera, eso pesa m\u00e1s que cualquier otro factor.<\/p>\n<h3>C\u00e9ntrico y residencial a la vez<\/h3>\n<p>Esta es la combinaci\u00f3n que de verdad cuesta encontrar en otro sitio. A dos calles de cualquiera de los ejes concurridos, Sant Pere, Santa Caterina y El Born son barrios residenciales corrientes. Lo bastante c\u00e9ntricos para ser accesibles, lo bastante tranquilos para no estar en el circuito tur\u00edstico. Nuestra gu\u00eda sobre <a href=\"https:\/\/kushweedcoffeeshop.com\/es\/el-born-una-tarde-carrer-de-freixures\/\" target=\"_blank\">El Born a pie<\/a> da la medida de c\u00f3mo funciona ese tejido.<\/p>\n<h3>Se recorre andando<\/h3>\n<p>En un distrito donde la mayor\u00eda de las calles son peatonales y las distancias se miden en minutos, el \u00e1rea de influencia de cualquier direcci\u00f3n es mucho mayor de lo que sugiere su posici\u00f3n en el mapa. En el casco antiguo todo est\u00e1 cerca de todo.<\/p>\n<h2>La tradici\u00f3n asociativa que hay detr\u00e1s<\/h2>\n<h3>Ateneus, casals y cooperativas<\/h3>\n<p>Barcelona lleva m\u00e1s de un siglo organiz\u00e1ndose en asociaciones. Los ateneus \u2014sociedades culturales y educativas\u2014, los casals, las asociaciones de vecinos y el movimiento cooperativo forman parte del tejido corriente de la ciudad, y Ciutat Vella y Gr\u00e0cia son donde esa historia es m\u00e1s densa.<\/p>\n<h3>Por qu\u00e9 ese contexto importa<\/h3>\n<p>Explica por qu\u00e9 la forma asociativa aqu\u00ed no resulta ex\u00f3tica. Una entidad privada de socios con estatutos y registro es algo familiar en esta ciudad, aplicado a corales, clubes de excursionismo, ajedrez, organizaci\u00f3n vecinal y mucho m\u00e1s. Las asociaciones cann\u00e1bicas adoptaron una forma c\u00edvica ya existente en lugar de inventar una.<\/p>\n<h3>D\u00f3nde termina la inferencia<\/h3>\n<p>Para ser precisos sobre lo que este argumento no establece: una tradici\u00f3n c\u00edvica compartida explica una forma, no un estatus jur\u00eddico, y no es una defensa de nada. El marco que se aplica a estas asociaciones est\u00e1 en discusi\u00f3n, ha ido cambiando con el tiempo y var\u00eda seg\u00fan la interpretaci\u00f3n judicial. Nada de esto sustituye al asesoramiento jur\u00eddico profesional.<\/p>\n<h2>Qu\u00e9 significa \u00abprivado\u00bb en la pr\u00e1ctica<\/h2>\n<h3>No est\u00e1 abierto al p\u00fablico<\/h3>\n<p>Ni puerta abierta a quien pasa, ni cola, ni entrada del d\u00eda. El acceso viene despu\u00e9s de una solicitud y una comprobaci\u00f3n de identidad, y est\u00e1 restringido a personas adultas.<\/p>\n<h3>No es una tienda<\/h3>\n<p>Sin cat\u00e1logo p\u00fablico, sin lista de precios en internet, sin escaparate. El modelo asociativo no es un modelo de venta al p\u00fablico, que es tambi\u00e9n la raz\u00f3n por la que cualquier cosa que en la calle se presente como una tienda no es una asociaci\u00f3n.<\/p>\n<h3>No es un atractivo tur\u00edstico<\/h3>\n<p>Estar en un distrito c\u00e9ntrico no convierte a una asociaci\u00f3n en parte del circuito de visitas. La cercan\u00eda no influye en el acceso, que es lo que m\u00e1s se malinterpreta, como explicamos en nuestro art\u00edculo sobre <a href=\"https:\/\/kushweedcoffeeshop.com\/es\/asociacion-cannabica-las-ramblas-barcelona\/\" target=\"_blank\">la zona de Las Ramblas<\/a>.<\/p>\n<h2>Preguntas frecuentes<\/h2>\n<p><strong>1. \u00bfEst\u00e1n todas las asociaciones de Barcelona en Ciutat Vella?<\/strong><\/p>\n<p>No. El casco antiguo aparece a menudo por los factores urbanos descritos arriba, pero la forma asociativa no lleva ning\u00fan requisito geogr\u00e1fico y hay entidades en otros distritos de la ciudad.<\/p>\n<p><strong>2. \u00bfCu\u00e1ntas hay?<\/strong><\/p>\n<p>Circulan cifras, pero no hemos verificado ninguna, as\u00ed que no las repetimos. Cualquier n\u00famero concreto que veas conviene rastrearlo hasta una fuente primaria antes de darlo por bueno.<\/p>\n<p><strong>3. \u00bfEstar en un distrito c\u00e9ntrico facilita asociarse?<\/strong><\/p>\n<p>No. El proceso de membres\u00eda es el mismo est\u00e9 donde est\u00e9 la asociaci\u00f3n: solicitud, identificaci\u00f3n, mayor\u00eda de edad y las condiciones propias de cada entidad.<\/p>\n<p><strong>4. \u00bfLa forma asociativa es espec\u00edfica del cannabis?<\/strong><\/p>\n<p>En absoluto. Es una figura jur\u00eddica general que atraviesa la vida c\u00edvica espa\u00f1ola: sociedades culturales, clubes deportivos, organizaciones vecinales. Las asociaciones cann\u00e1bicas adoptaron una forma ya existente.<\/p>\n<p><strong>5. \u00bfLa situaci\u00f3n jur\u00eddica est\u00e1 resuelta?<\/strong><\/p>\n<p>No. Est\u00e1 en discusi\u00f3n, ha cambiado con el tiempo y var\u00eda seg\u00fan la interpretaci\u00f3n judicial. Desconf\u00eda de cualquier fuente que afirme lo contrario y consulta a un profesional para lo que sea relevante.<\/p>\n<p>En resumen, que <strong>las asociaciones cann\u00e1bicas se concentren en Ciutat Vella<\/strong> tiene menos que ver con el cannabis que con los edificios, el transporte y una ciudad que siempre se ha organizado en asociaciones. <a href=\"https:\/\/kushweedcoffeeshop.com\/es\/\" target=\"_blank\">Kush Weed Coffeeshop<\/a> es una asociaci\u00f3n privada de personas adultas en Carrer de Freixures, en el entorno de Santa Caterina, con acceso restringido a socias registradas mediante solicitud previa e identificaci\u00f3n. Si quieres saber c\u00f3mo funciona la solicitud de membres\u00eda, ponte en contacto y te explicamos el proceso y las condiciones que se aplican.<\/p>\n","protected":false},"excerpt":{"rendered":"<p>Nada en el modelo asociativo lo ata a un distrito y, aun as\u00ed, el casco antiguo aparece una y otra vez. Qu\u00e9 tiene Ciutat Vella que no tienen otras zonas y qu\u00e9 significa \u00abprivado\u00bb en la pr\u00e1ctica.<\/p>\n","protected":false},"author":7,"featured_media":0,"comment_status":"closed","ping_status":"","sticky":false,"template":"","format":"standard","meta":{"_joinchat":[],"footnotes":""},"categories":[1],"tags":[],"class_list":["post-8747","post","type-post","status-publish","format-standard","hentry","category-cannabis-news"],"yoast_head":"<!-- This site is optimized with the Yoast SEO plugin v28.3 - https:\/\/yoast.com\/product\/yoast-seo-wordpress\/ -->\n<title>Asociaciones cann\u00e1bicas en Ciutat Vella, Barcelona<\/title>\n<meta name=\"description\" content=\"Por qu\u00e9 las asociaciones cann\u00e1bicas privadas se concentran en el casco antiguo: locales, transporte, tejido residencial y tradici\u00f3n asociativa.\" \/>\n<meta name=\"robots\" content=\"index, follow, max-snippet:-1, max-image-preview:large, max-video-preview:-1\" \/>\n<link rel=\"canonical\" href=\"https:\/\/kushweedcoffeeshop.com\/es\/asociaciones-cannabicas-ciutat-vella-barcelona\/\" \/>\n<meta property=\"og:locale\" content=\"es_ES\" \/>\n<meta property=\"og:type\" content=\"article\" \/>\n<meta property=\"og:title\" content=\"Asociaciones cann\u00e1bicas en Ciutat Vella, Barcelona\" \/>\n<meta property=\"og:description\" content=\"Por qu\u00e9 las asociaciones cann\u00e1bicas privadas se concentran en el casco antiguo: locales, transporte, tejido residencial y tradici\u00f3n asociativa.\" \/>\n<meta property=\"og:url\" content=\"https:\/\/kushweedcoffeeshop.com\/es\/asociaciones-cannabicas-ciutat-vella-barcelona\/\" \/>\n<meta property=\"og:site_name\" content=\"Kush Weed Coffeeshop\" \/>\n<meta property=\"article:published_time\" content=\"2026-08-03T02:48:53+00:00\" \/>\n<meta property=\"article:modified_time\" content=\"2026-08-21T03:36:34+00:00\" \/>\n<meta property=\"og:image\" content=\"https:\/\/kushweedcoffeeshop.com\/wp-content\/uploads\/2023\/03\/kushlogo.png\" \/>\n\t<meta property=\"og:image:width\" content=\"1839\" \/>\n\t<meta property=\"og:image:height\" content=\"731\" \/>\n\t<meta property=\"og:image:type\" content=\"image\/png\" \/>\n<meta name=\"author\" content=\"Roberto\" \/>\n<meta name=\"twitter:card\" content=\"summary_large_image\" \/>\n<meta name=\"twitter:label1\" content=\"Escrito por\" \/>\n\t<meta name=\"twitter:data1\" content=\"Roberto\" \/>\n\t<meta name=\"twitter:label2\" content=\"Tiempo de lectura\" \/>\n\t<meta name=\"twitter:data2\" content=\"6 minutos\" \/>\n<script type=\"application\/ld+json\" class=\"yoast-schema-graph\">{\"@context\":\"https:\\\/\\\/schema.org\",\"@graph\":[{\"@type\":\"Article\",\"@id\":\"https:\\\/\\\/kushweedcoffeeshop.com\\\/es\\\/asociaciones-cannabicas-ciutat-vella-barcelona\\\/#article\",\"isPartOf\":{\"@id\":\"https:\\\/\\\/kushweedcoffeeshop.com\\\/es\\\/asociaciones-cannabicas-ciutat-vella-barcelona\\\/\"},\"author\":{\"name\":\"Roberto\",\"@id\":\"https:\\\/\\\/kushweedcoffeeshop.com\\\/#\\\/schema\\\/person\\\/2894f7534d71c371cd3fca70b59db16e\"},\"headline\":\"Por qu\u00e9 las asociaciones cann\u00e1bicas se concentran en Ciutat Vella\",\"datePublished\":\"2026-08-03T02:48:53+00:00\",\"dateModified\":\"2026-08-21T03:36:34+00:00\",\"mainEntityOfPage\":{\"@id\":\"https:\\\/\\\/kushweedcoffeeshop.com\\\/es\\\/asociaciones-cannabicas-ciutat-vella-barcelona\\\/\"},\"wordCount\":1204,\"publisher\":{\"@id\":\"https:\\\/\\\/kushweedcoffeeshop.com\\\/#organization\"},\"articleSection\":[\"Cannabis News\"],\"inLanguage\":\"es\"},{\"@type\":\"WebPage\",\"@id\":\"https:\\\/\\\/kushweedcoffeeshop.com\\\/es\\\/asociaciones-cannabicas-ciutat-vella-barcelona\\\/\",\"url\":\"https:\\\/\\\/kushweedcoffeeshop.com\\\/es\\\/asociaciones-cannabicas-ciutat-vella-barcelona\\\/\",\"name\":\"Asociaciones cann\u00e1bicas en Ciutat Vella, Barcelona\",\"isPartOf\":{\"@id\":\"https:\\\/\\\/kushweedcoffeeshop.com\\\/#website\"},\"datePublished\":\"2026-08-03T02:48:53+00:00\",\"dateModified\":\"2026-08-21T03:36:34+00:00\",\"description\":\"Por qu\u00e9 las asociaciones cann\u00e1bicas privadas se concentran en el casco antiguo: locales, transporte, tejido residencial y tradici\u00f3n asociativa.\",\"breadcrumb\":{\"@id\":\"https:\\\/\\\/kushweedcoffeeshop.com\\\/es\\\/asociaciones-cannabicas-ciutat-vella-barcelona\\\/#breadcrumb\"},\"inLanguage\":\"es\",\"potentialAction\":[{\"@type\":\"ReadAction\",\"target\":[\"https:\\\/\\\/kushweedcoffeeshop.com\\\/es\\\/asociaciones-cannabicas-ciutat-vella-barcelona\\\/\"]}]},{\"@type\":\"BreadcrumbList\",\"@id\":\"https:\\\/\\\/kushweedcoffeeshop.com\\\/es\\\/asociaciones-cannabicas-ciutat-vella-barcelona\\\/#breadcrumb\",\"itemListElement\":[{\"@type\":\"ListItem\",\"position\":1,\"name\":\"Home\",\"item\":\"https:\\\/\\\/kushweedcoffeeshop.com\\\/\"},{\"@type\":\"ListItem\",\"position\":2,\"name\":\"Por qu\u00e9 las asociaciones cann\u00e1bicas se concentran en Ciutat Vella\"}]},{\"@type\":\"WebSite\",\"@id\":\"https:\\\/\\\/kushweedcoffeeshop.com\\\/#website\",\"url\":\"https:\\\/\\\/kushweedcoffeeshop.com\\\/\",\"name\":\"Kush Weed Coffeeshop\",\"description\":\"The best Weed Private Club in Barcelona\",\"publisher\":{\"@id\":\"https:\\\/\\\/kushweedcoffeeshop.com\\\/#organization\"},\"alternateName\":\"Kush Weed Coffeeshop\",\"potentialAction\":[{\"@type\":\"SearchAction\",\"target\":{\"@type\":\"EntryPoint\",\"urlTemplate\":\"https:\\\/\\\/kushweedcoffeeshop.com\\\/?s={search_term_string}\"},\"query-input\":{\"@type\":\"PropertyValueSpecification\",\"valueRequired\":true,\"valueName\":\"search_term_string\"}}],\"inLanguage\":\"es\"},{\"@type\":\"Organization\",\"@id\":\"https:\\\/\\\/kushweedcoffeeshop.com\\\/#organization\",\"name\":\"Kush Weed Coffeeshop\",\"alternateName\":\"Kush\",\"url\":\"https:\\\/\\\/kushweedcoffeeshop.com\\\/\",\"logo\":{\"@type\":\"ImageObject\",\"inLanguage\":\"es\",\"@id\":\"https:\\\/\\\/kushweedcoffeeshop.com\\\/#\\\/schema\\\/logo\\\/image\\\/\",\"url\":\"https:\\\/\\\/kushweedcoffeeshop.com\\\/wp-content\\\/uploads\\\/2023\\\/03\\\/cropped-kushlogo.png\",\"contentUrl\":\"https:\\\/\\\/kushweedcoffeeshop.com\\\/wp-content\\\/uploads\\\/2023\\\/03\\\/cropped-kushlogo.png\",\"width\":512,\"height\":512,\"caption\":\"Kush Weed Coffeeshop\"},\"image\":{\"@id\":\"https:\\\/\\\/kushweedcoffeeshop.com\\\/#\\\/schema\\\/logo\\\/image\\\/\"},\"sameAs\":[\"https:\\\/\\\/www.instagram.com\\\/kushclub_barcelona\\\/\"]},{\"@type\":\"Person\",\"@id\":\"https:\\\/\\\/kushweedcoffeeshop.com\\\/#\\\/schema\\\/person\\\/2894f7534d71c371cd3fca70b59db16e\",\"name\":\"Roberto\",\"image\":{\"@type\":\"ImageObject\",\"inLanguage\":\"es\",\"@id\":\"https:\\\/\\\/secure.gravatar.com\\\/avatar\\\/5d73fc3e9f61d340ebace6858c057ccbac9d245c40da8dde466f8a7619f68a9d?s=96&d=mm&r=g\",\"url\":\"https:\\\/\\\/secure.gravatar.com\\\/avatar\\\/5d73fc3e9f61d340ebace6858c057ccbac9d245c40da8dde466f8a7619f68a9d?s=96&d=mm&r=g\",\"contentUrl\":\"https:\\\/\\\/secure.gravatar.com\\\/avatar\\\/5d73fc3e9f61d340ebace6858c057ccbac9d245c40da8dde466f8a7619f68a9d?s=96&d=mm&r=g\",\"caption\":\"Roberto\"}}]}<\/script>\n<!-- \/ Yoast SEO plugin. -->","yoast_head_json":{"title":"Asociaciones cann\u00e1bicas en Ciutat Vella, Barcelona","description":"Por qu\u00e9 las asociaciones cann\u00e1bicas privadas se concentran en el casco antiguo: locales, transporte, tejido residencial y tradici\u00f3n asociativa.","robots":{"index":"index","follow":"follow","max-snippet":"max-snippet:-1","max-image-preview":"max-image-preview:large","max-video-preview":"max-video-preview:-1"},"canonical":"https:\/\/kushweedcoffeeshop.com\/es\/asociaciones-cannabicas-ciutat-vella-barcelona\/","og_locale":"es_ES","og_type":"article","og_title":"Asociaciones cann\u00e1bicas en Ciutat Vella, Barcelona","og_description":"Por qu\u00e9 las asociaciones cann\u00e1bicas privadas se concentran en el casco antiguo: locales, transporte, tejido residencial y tradici\u00f3n asociativa.","og_url":"https:\/\/kushweedcoffeeshop.com\/es\/asociaciones-cannabicas-ciutat-vella-barcelona\/","og_site_name":"Kush Weed Coffeeshop","article_published_time":"2026-08-03T02:48:53+00:00","article_modified_time":"2026-08-21T03:36:34+00:00","og_image":[{"width":1839,"height":731,"url":"https:\/\/kushweedcoffeeshop.com\/wp-content\/uploads\/2023\/03\/kushlogo.png","type":"image\/png"}],"author":"Roberto","twitter_card":"summary_large_image","twitter_misc":{"Escrito por":"Roberto","Tiempo de lectura":"6 minutos"},"schema":{"@context":"https:\/\/schema.org","@graph":[{"@type":"Article","@id":"https:\/\/kushweedcoffeeshop.com\/es\/asociaciones-cannabicas-ciutat-vella-barcelona\/#article","isPartOf":{"@id":"https:\/\/kushweedcoffeeshop.com\/es\/asociaciones-cannabicas-ciutat-vella-barcelona\/"},"author":{"name":"Roberto","@id":"https:\/\/kushweedcoffeeshop.com\/#\/schema\/person\/2894f7534d71c371cd3fca70b59db16e"},"headline":"Por qu\u00e9 las asociaciones cann\u00e1bicas se concentran en Ciutat Vella","datePublished":"2026-08-03T02:48:53+00:00","dateModified":"2026-08-21T03:36:34+00:00","mainEntityOfPage":{"@id":"https:\/\/kushweedcoffeeshop.com\/es\/asociaciones-cannabicas-ciutat-vella-barcelona\/"},"wordCount":1204,"publisher":{"@id":"https:\/\/kushweedcoffeeshop.com\/#organization"},"articleSection":["Cannabis News"],"inLanguage":"es"},{"@type":"WebPage","@id":"https:\/\/kushweedcoffeeshop.com\/es\/asociaciones-cannabicas-ciutat-vella-barcelona\/","url":"https:\/\/kushweedcoffeeshop.com\/es\/asociaciones-cannabicas-ciutat-vella-barcelona\/","name":"Asociaciones cann\u00e1bicas en Ciutat Vella, Barcelona","isPartOf":{"@id":"https:\/\/kushweedcoffeeshop.com\/#website"},"datePublished":"2026-08-03T02:48:53+00:00","dateModified":"2026-08-21T03:36:34+00:00","description":"Por qu\u00e9 las asociaciones cann\u00e1bicas privadas se concentran en el casco antiguo: locales, transporte, tejido residencial y tradici\u00f3n asociativa.","breadcrumb":{"@id":"https:\/\/kushweedcoffeeshop.com\/es\/asociaciones-cannabicas-ciutat-vella-barcelona\/#breadcrumb"},"inLanguage":"es","potentialAction":[{"@type":"ReadAction","target":["https:\/\/kushweedcoffeeshop.com\/es\/asociaciones-cannabicas-ciutat-vella-barcelona\/"]}]},{"@type":"BreadcrumbList","@id":"https:\/\/kushweedcoffeeshop.com\/es\/asociaciones-cannabicas-ciutat-vella-barcelona\/#breadcrumb","itemListElement":[{"@type":"ListItem","position":1,"name":"Home","item":"https:\/\/kushweedcoffeeshop.com\/"},{"@type":"ListItem","position":2,"name":"Por qu\u00e9 las asociaciones cann\u00e1bicas se concentran en Ciutat Vella"}]},{"@type":"WebSite","@id":"https:\/\/kushweedcoffeeshop.com\/#website","url":"https:\/\/kushweedcoffeeshop.com\/","name":"Kush Weed Coffeeshop","description":"The best Weed Private Club in Barcelona","publisher":{"@id":"https:\/\/kushweedcoffeeshop.com\/#organization"},"alternateName":"Kush Weed Coffeeshop","potentialAction":[{"@type":"SearchAction","target":{"@type":"EntryPoint","urlTemplate":"https:\/\/kushweedcoffeeshop.com\/?s={search_term_string}"},"query-input":{"@type":"PropertyValueSpecification","valueRequired":true,"valueName":"search_term_string"}}],"inLanguage":"es"},{"@type":"Organization","@id":"https:\/\/kushweedcoffeeshop.com\/#organization","name":"Kush Weed Coffeeshop","alternateName":"Kush","url":"https:\/\/kushweedcoffeeshop.com\/","logo":{"@type":"ImageObject","inLanguage":"es","@id":"https:\/\/kushweedcoffeeshop.com\/#\/schema\/logo\/image\/","url":"https:\/\/kushweedcoffeeshop.com\/wp-content\/uploads\/2023\/03\/cropped-kushlogo.png","contentUrl":"https:\/\/kushweedcoffeeshop.com\/wp-content\/uploads\/2023\/03\/cropped-kushlogo.png","width":512,"height":512,"caption":"Kush Weed Coffeeshop"},"image":{"@id":"https:\/\/kushweedcoffeeshop.com\/#\/schema\/logo\/image\/"},"sameAs":["https:\/\/www.instagram.com\/kushclub_barcelona\/"]},{"@type":"Person","@id":"https:\/\/kushweedcoffeeshop.com\/#\/schema\/person\/2894f7534d71c371cd3fca70b59db16e","name":"Roberto","image":{"@type":"ImageObject","inLanguage":"es","@id":"https:\/\/secure.gravatar.com\/avatar\/5d73fc3e9f61d340ebace6858c057ccbac9d245c40da8dde466f8a7619f68a9d?s=96&d=mm&r=g","url":"https:\/\/secure.gravatar.com\/avatar\/5d73fc3e9f61d340ebace6858c057ccbac9d245c40da8dde466f8a7619f68a9d?s=96&d=mm&r=g","contentUrl":"https:\/\/secure.gravatar.com\/avatar\/5d73fc3e9f61d340ebace6858c057ccbac9d245c40da8dde466f8a7619f68a9d?s=96&d=mm&r=g","caption":"Roberto"}}]}},"_links":{"self":[{"href":"https:\/\/kushweedcoffeeshop.com\/es\/wp-json\/wp\/v2\/posts\/8747","targetHints":{"allow":["GET"]}}],"collection":[{"href":"https:\/\/kushweedcoffeeshop.com\/es\/wp-json\/wp\/v2\/posts"}],"about":[{"href":"https:\/\/kushweedcoffeeshop.com\/es\/wp-json\/wp\/v2\/types\/post"}],"author":[{"embeddable":true,"href":"https:\/\/kushweedcoffeeshop.com\/es\/wp-json\/wp\/v2\/users\/7"}],"replies":[{"embeddable":true,"href":"https:\/\/kushweedcoffeeshop.com\/es\/wp-json\/wp\/v2\/comments?post=8747"}],"version-history":[{"count":1,"href":"https:\/\/kushweedcoffeeshop.com\/es\/wp-json\/wp\/v2\/posts\/8747\/revisions"}],"predecessor-version":[{"id":8788,"href":"https:\/\/kushweedcoffeeshop.com\/es\/wp-json\/wp\/v2\/posts\/8747\/revisions\/8788"}],"wp:attachment":[{"href":"https:\/\/kushweedcoffeeshop.com\/es\/wp-json\/wp\/v2\/media?parent=8747"}],"wp:term":[{"taxonomy":"category","embeddable":true,"href":"https:\/\/kushweedcoffeeshop.com\/es\/wp-json\/wp\/v2\/categories?post=8747"},{"taxonomy":"post_tag","embeddable":true,"href":"https:\/\/kushweedcoffeeshop.com\/es\/wp-json\/wp\/v2\/tags?post=8747"}],"curies":[{"name":"wp","href":"https:\/\/api.w.org\/{rel}","templated":true}]}}